{"id":18954,"date":"2023-09-26T10:11:30","date_gmt":"2023-09-26T08:11:30","guid":{"rendered":"https:\/\/milan-noir.fr\/?p=18954"},"modified":"2023-09-26T10:24:23","modified_gmt":"2023-09-26T08:24:23","slug":"le-made-in-france-et-la-maroquinerie-un-savoir-faire-dexception","status":"publish","type":"post","link":"https:\/\/milan-noir.fr\/en\/le-made-in-france-et-la-maroquinerie-un-savoir-faire-dexception\/","title":{"rendered":"Le Made in France et la Maroquinerie  : un savoir-faire d&#8217;exception"},"content":{"rendered":"<div data-elementor-type=\"wp-post\" data-elementor-id=\"18954\" class=\"elementor elementor-18954\">\n\t\t\t\t\t\t\t\t\t<section class=\"elementor-section elementor-top-section elementor-element elementor-element-b88c53f elementor-section-full_width elementor-section-height-default elementor-section-height-default\" data-id=\"b88c53f\" data-element_type=\"section\">\n\t\t\t\t\t\t<div class=\"elementor-container elementor-column-gap-no\">\n\t\t\t\t\t<div class=\"elementor-column elementor-col-100 elementor-top-column elementor-element elementor-element-b94367c\" data-id=\"b94367c\" data-element_type=\"column\">\n\t\t\t<div class=\"elementor-widget-wrap elementor-element-populated\">\n\t\t\t\t\t\t\t\t<div class=\"elementor-element elementor-element-5e70843 elementor-widget elementor-widget-image\" data-id=\"5e70843\" data-element_type=\"widget\" data-widget_type=\"image.default\">\n\t\t\t\t<div class=\"elementor-widget-container\">\n\t\t\t\t\t\t\t\t\t\t\t\t\t\t\t<img decoding=\"async\" width=\"1024\" height=\"724\" src=\"https:\/\/milan-noir.fr\/wp-content\/uploads\/2023\/09\/Illustration-made-in-france-1024x724.jpg\" class=\"attachment-large size-large wp-image-18955\" alt=\"\" loading=\"lazy\" srcset=\"https:\/\/milan-noir.fr\/wp-content\/uploads\/2023\/09\/Illustration-made-in-france-1024x724.jpg 1024w, https:\/\/milan-noir.fr\/wp-content\/uploads\/2023\/09\/Illustration-made-in-france-300x212.jpg 300w, https:\/\/milan-noir.fr\/wp-content\/uploads\/2023\/09\/Illustration-made-in-france-768x543.jpg 768w, https:\/\/milan-noir.fr\/wp-content\/uploads\/2023\/09\/Illustration-made-in-france-1536x1086.jpg 1536w, https:\/\/milan-noir.fr\/wp-content\/uploads\/2023\/09\/Illustration-made-in-france-18x12.jpg 18w, https:\/\/milan-noir.fr\/wp-content\/uploads\/2023\/09\/Illustration-made-in-france-206x146.jpg 206w, https:\/\/milan-noir.fr\/wp-content\/uploads\/2023\/09\/Illustration-made-in-france-50x35.jpg 50w, https:\/\/milan-noir.fr\/wp-content\/uploads\/2023\/09\/Illustration-made-in-france-106x75.jpg 106w, https:\/\/milan-noir.fr\/wp-content\/uploads\/2023\/09\/Illustration-made-in-france-800x566.jpg 800w, https:\/\/milan-noir.fr\/wp-content\/uploads\/2023\/09\/Illustration-made-in-france.jpg 1920w\" sizes=\"(max-width: 1024px) 100vw, 1024px\" \/>\t\t\t\t\t\t\t\t\t\t\t\t\t\t\t<\/div>\n\t\t\t\t<\/div>\n\t\t\t\t\t<\/div>\n\t\t<\/div>\n\t\t\t\t\t\t\t<\/div>\n\t\t<\/section>\n\t\t\t\t<section class=\"elementor-section elementor-top-section elementor-element elementor-element-266c77b elementor-section-full_width elementor-section-height-default elementor-section-height-default\" data-id=\"266c77b\" data-element_type=\"section\">\n\t\t\t\t\t\t<div class=\"elementor-container elementor-column-gap-no\">\n\t\t\t\t\t<div class=\"elementor-column elementor-col-100 elementor-top-column elementor-element elementor-element-2d15f0e\" data-id=\"2d15f0e\" data-element_type=\"column\">\n\t\t\t<div class=\"elementor-widget-wrap elementor-element-populated\">\n\t\t\t\t\t\t\t\t<div class=\"elementor-element elementor-element-31d46ea elementor-widget elementor-widget-heading\" data-id=\"31d46ea\" data-element_type=\"widget\" data-widget_type=\"heading.default\">\n\t\t\t\t<div class=\"elementor-widget-container\">\n\t\t\t<h1 class=\"elementor-heading-title elementor-size-default\"><b style=\"font-family: &quot;Libre Baskerville&quot;; letter-spacing: 0px;\">Le Made in France : un savoir-faire d'exception.<\/b><\/h1>\t\t<\/div>\n\t\t\t\t<\/div>\n\t\t\t\t\t<\/div>\n\t\t<\/div>\n\t\t\t\t\t\t\t<\/div>\n\t\t<\/section>\n\t\t\t\t<section class=\"elementor-section elementor-top-section elementor-element elementor-element-380ecd9 elementor-section-full_width elementor-section-height-default elementor-section-height-default\" data-id=\"380ecd9\" data-element_type=\"section\">\n\t\t\t\t\t\t<div class=\"elementor-container elementor-column-gap-no\">\n\t\t\t\t\t<div class=\"elementor-column elementor-col-100 elementor-top-column elementor-element elementor-element-fbd4655\" data-id=\"fbd4655\" data-element_type=\"column\">\n\t\t\t<div class=\"elementor-widget-wrap elementor-element-populated\">\n\t\t\t\t\t\t\t\t<div class=\"elementor-element elementor-element-dcc1733 elementor-widget elementor-widget-text-editor\" data-id=\"dcc1733\" data-element_type=\"widget\" data-widget_type=\"text-editor.default\">\n\t\t\t\t<div class=\"elementor-widget-container\">\n\t\t\t\t\t\t\t<p>Le Made in France repr\u00e9sente un gage de qualit\u00e9, d&#8217;authenticit\u00e9 et de savoir-faire, et la maroquinerie en particulier jouit d&#8217;une r\u00e9putation exceptionnelle de par sa qualit\u00e9.<\/p><p><br><\/p>\n<p><\/p>\n<p><b>Le Savoir-Faire Fran\u00e7ais en Maroquinerie<\/b><\/p>\n<p>La maroquinerie fran\u00e7aise est synonyme de qualit\u00e9 depuis des si\u00e8cles. Les artisans fran\u00e7ais ont perfectionn\u00e9 leurs comp\u00e9tences au fil du temps, et les techniques traditionnelles se sont transmises de g\u00e9n\u00e9ration en g\u00e9n\u00e9ration. Cette expertise se refl\u00e8te dans chaque produit en cuir fabriqu\u00e9 en France.<\/p>\n<p><b>Des mat\u00e9riaux de qualit\u00e9<\/b><\/p>\n<p><span style=\"color: var( --e-global-color-text ); letter-spacing: 0px;\">L&#8217;une des cl\u00e9s du succ\u00e8s de la maroquinerie fran\u00e7aise r\u00e9side dans le choix attentif des mat\u00e9riaux. Les artisans privil\u00e9gient des cuirs de haute qualit\u00e9, provenant d&#8217;animaux \u00e9lev\u00e9s dans des conditions optimales, ce qui se traduit par des produits plus qualitatifs, plus durables et r\u00e9sistants \u00e0 l&#8217;usure.<\/span><\/p>\n<p><b>Un savoir-faire artisanal de pointe<\/b><\/p>\n<p>Le Made in France est synonyme de travail m\u00e9ticuleux. Chaque produit en cuir est fabriqu\u00e9 avec une r\u00e9elle attention aux d\u00e9tails et une pr\u00e9cision in\u00e9gal\u00e9e. Les artisans ma\u00eetrisent des techniques complexes de coupe, de couture et de finition pour cr\u00e9er des articles de maroquinerie qui font rimer \u00e9l\u00e9gance avec r\u00e9sistance.<\/p>\n<p><b>Durabilit\u00e9 et long\u00e9vit\u00e9<\/b><\/p>\n<p>Les produits de maroquinerie fabriqu\u00e9s en France sont con\u00e7us pour durer. Les artisans se soucient de la qualit\u00e9 \u00e0 long terme de leurs produits, pour que vos sacs, porte-feuilles et autres accessoires en cuir vous accompagnent pendant de nombreuses ann\u00e9es.<\/p>\n<p><b>Un impact environnemental positif<\/b><\/p>\n<p>Fabriquer en France, c\u2019est aussi fabriquer plus responsable. Les normes environnementales sont strictes en France, ce sont des processus de production plus propres qui seront utilis\u00e9s et l\u2019impact de la production sur l&#8217;environnement en sera minimis\u00e9.<\/p>\n<p><b>Faire vivre l&#8217;\u00e9conomie locale<\/b><\/p>\n<p>Acheter des produits de maroquinerie fabriqu\u00e9s en France c\u2019est enfin soutenir l&#8217;\u00e9conomie locale, l\u2019artisanat de proximit\u00e9, et les circuits courts de commerce. La p\u00e9rennit\u00e9 des savoir-faire artisanaux et le maintien de l&#8217;industrie de la maroquinerie en France s\u2019en trouvent encourag\u00e9s et renforc\u00e9s.<\/p><p><br><\/p>\n<p>Pour toutes ces raison, Milan Noir a choisi ses fournisseurs en r\u00e9gion Nouvelle-Aquitaine, et une confection en France.&nbsp;<\/p>\n<p><\/p>\t\t\t\t\t\t<\/div>\n\t\t\t\t<\/div>\n\t\t\t\t\t<\/div>\n\t\t<\/div>\n\t\t\t\t\t\t\t<\/div>\n\t\t<\/section>\n\t\t\t\t\t\t\t<\/div>","protected":false},"excerpt":{"rendered":"<p>Le Made in France repr\u00e9sente un gage de qualit\u00e9, d&#8217;authenticit\u00e9 et de savoir-faire, et la maroquinerie en particulier jouit d&#8217;une r\u00e9putation exceptionnelle de par sa qualit\u00e9.<\/p>","protected":false},"author":1,"featured_media":18955,"comment_status":"open","ping_status":"open","sticky":false,"template":"","format":"standard","meta":[],"categories":[1],"tags":[],"yoast_head":"<!-- This site is optimized with the Yoast SEO plugin v20.0 - https:\/\/yoast.com\/wordpress\/plugins\/seo\/ -->\n<title>Le Made in France et la Maroquinerie : un savoir-faire d&#039;exception - Milan Noir Actualit\u00e9s<\/title>\n<meta name=\"description\" content=\"Le palladium provient d\u2019un des plus grands ast\u00e9ro\u00efdes du syst\u00e8me solaire d\u00e9couvert en 1802 par l\u2019astronaute allemand Heinrich W.M Olbers...\" \/>\n<meta name=\"robots\" content=\"index, follow, max-snippet:-1, max-image-preview:large, max-video-preview:-1\" \/>\n<link rel=\"canonical\" href=\"https:\/\/milan-noir.fr\/en\/le-made-in-france-et-la-maroquinerie-un-savoir-faire-dexception\/\" \/>\n<meta property=\"og:locale\" content=\"en_GB\" \/>\n<meta property=\"og:type\" content=\"article\" \/>\n<meta property=\"og:title\" content=\"Le Made in France et la Maroquinerie : un savoir-faire d&#039;exception - Milan Noir Actualit\u00e9s\" \/>\n<meta property=\"og:description\" content=\"Le palladium provient d\u2019un des plus grands ast\u00e9ro\u00efdes du syst\u00e8me solaire d\u00e9couvert en 1802 par l\u2019astronaute allemand Heinrich W.M Olbers...\" \/>\n<meta property=\"og:url\" content=\"https:\/\/milan-noir.fr\/en\/le-made-in-france-et-la-maroquinerie-un-savoir-faire-dexception\/\" \/>\n<meta property=\"og:site_name\" content=\"Milan Noir\" \/>\n<meta property=\"article:published_time\" content=\"2023-09-26T08:11:30+00:00\" \/>\n<meta property=\"article:modified_time\" content=\"2023-09-26T08:24:23+00:00\" \/>\n<meta property=\"og:image\" content=\"https:\/\/milan-noir.fr\/wp-content\/uploads\/2023\/09\/Illustration-made-in-france.jpg\" \/>\n\t<meta property=\"og:image:width\" content=\"1920\" \/>\n\t<meta property=\"og:image:height\" content=\"1358\" \/>\n\t<meta property=\"og:image:type\" content=\"image\/jpeg\" \/>\n<meta name=\"author\" content=\"Alexandre\" \/>\n<meta name=\"twitter:card\" content=\"summary_large_image\" \/>\n<meta name=\"twitter:label1\" content=\"Written by\" \/>\n\t<meta name=\"twitter:data1\" content=\"Alexandre\" \/>\n\t<meta name=\"twitter:label2\" content=\"Estimated reading time\" \/>\n\t<meta name=\"twitter:data2\" content=\"2 minutes\" \/>\n<script type=\"application\/ld+json\" class=\"yoast-schema-graph\">{\"@context\":\"https:\/\/schema.org\",\"@graph\":[{\"@type\":\"Article\",\"@id\":\"https:\/\/milan-noir.fr\/le-made-in-france-et-la-maroquinerie-un-savoir-faire-dexception\/#article\",\"isPartOf\":{\"@id\":\"https:\/\/milan-noir.fr\/le-made-in-france-et-la-maroquinerie-un-savoir-faire-dexception\/\"},\"author\":{\"name\":\"Alexandre\",\"@id\":\"https:\/\/milan-noir.fr\/#\/schema\/person\/a914b22c96769e459eca96a342731ed8\"},\"headline\":\"Le Made in France et la Maroquinerie : un savoir-faire d&#8217;exception\",\"datePublished\":\"2023-09-26T08:11:30+00:00\",\"dateModified\":\"2023-09-26T08:24:23+00:00\",\"mainEntityOfPage\":{\"@id\":\"https:\/\/milan-noir.fr\/le-made-in-france-et-la-maroquinerie-un-savoir-faire-dexception\/\"},\"wordCount\":401,\"commentCount\":0,\"publisher\":{\"@id\":\"https:\/\/milan-noir.fr\/#organization\"},\"articleSection\":[\"Non class\u00e9\"],\"inLanguage\":\"en-GB\",\"potentialAction\":[{\"@type\":\"CommentAction\",\"name\":\"Comment\",\"target\":[\"https:\/\/milan-noir.fr\/le-made-in-france-et-la-maroquinerie-un-savoir-faire-dexception\/#respond\"]}]},{\"@type\":\"WebPage\",\"@id\":\"https:\/\/milan-noir.fr\/le-made-in-france-et-la-maroquinerie-un-savoir-faire-dexception\/\",\"url\":\"https:\/\/milan-noir.fr\/le-made-in-france-et-la-maroquinerie-un-savoir-faire-dexception\/\",\"name\":\"Le Made in France et la Maroquinerie : un savoir-faire d'exception - Milan Noir Actualit\u00e9s\",\"isPartOf\":{\"@id\":\"https:\/\/milan-noir.fr\/#website\"},\"datePublished\":\"2023-09-26T08:11:30+00:00\",\"dateModified\":\"2023-09-26T08:24:23+00:00\",\"description\":\"Le palladium provient d\u2019un des plus grands ast\u00e9ro\u00efdes du syst\u00e8me solaire d\u00e9couvert en 1802 par l\u2019astronaute allemand Heinrich W.M Olbers...\",\"breadcrumb\":{\"@id\":\"https:\/\/milan-noir.fr\/le-made-in-france-et-la-maroquinerie-un-savoir-faire-dexception\/#breadcrumb\"},\"inLanguage\":\"en-GB\",\"potentialAction\":[{\"@type\":\"ReadAction\",\"target\":[\"https:\/\/milan-noir.fr\/le-made-in-france-et-la-maroquinerie-un-savoir-faire-dexception\/\"]}]},{\"@type\":\"BreadcrumbList\",\"@id\":\"https:\/\/milan-noir.fr\/le-made-in-france-et-la-maroquinerie-un-savoir-faire-dexception\/#breadcrumb\",\"itemListElement\":[{\"@type\":\"ListItem\",\"position\":1,\"name\":\"Accueil\",\"item\":\"https:\/\/milan-noir.fr\/\"},{\"@type\":\"ListItem\",\"position\":2,\"name\":\"Le Made in France et la Maroquinerie : un savoir-faire d&#8217;exception\"}]},{\"@type\":\"WebSite\",\"@id\":\"https:\/\/milan-noir.fr\/#website\",\"url\":\"https:\/\/milan-noir.fr\/\",\"name\":\"Milan Noir\",\"description\":\"Maroquinerie \u00e9l\u00e9gante et 100% fran\u00e7aise\",\"publisher\":{\"@id\":\"https:\/\/milan-noir.fr\/#organization\"},\"potentialAction\":[{\"@type\":\"SearchAction\",\"target\":{\"@type\":\"EntryPoint\",\"urlTemplate\":\"https:\/\/milan-noir.fr\/?s={search_term_string}\"},\"query-input\":\"required name=search_term_string\"}],\"inLanguage\":\"en-GB\"},{\"@type\":\"Organization\",\"@id\":\"https:\/\/milan-noir.fr\/#organization\",\"name\":\"Milan Noir\",\"url\":\"https:\/\/milan-noir.fr\/\",\"logo\":{\"@type\":\"ImageObject\",\"inLanguage\":\"en-GB\",\"@id\":\"https:\/\/milan-noir.fr\/#\/schema\/logo\/image\/\",\"url\":\"https:\/\/milan-noir.com\/wp-content\/uploads\/2021\/10\/Nouveau-logo_MILAN-NOIR_bleu.png.png\",\"contentUrl\":\"https:\/\/milan-noir.com\/wp-content\/uploads\/2021\/10\/Nouveau-logo_MILAN-NOIR_bleu.png.png\",\"width\":1181,\"height\":1181,\"caption\":\"Milan Noir\"},\"image\":{\"@id\":\"https:\/\/milan-noir.fr\/#\/schema\/logo\/image\/\"}},{\"@type\":\"Person\",\"@id\":\"https:\/\/milan-noir.fr\/#\/schema\/person\/a914b22c96769e459eca96a342731ed8\",\"name\":\"Alexandre\",\"image\":{\"@type\":\"ImageObject\",\"inLanguage\":\"en-GB\",\"@id\":\"https:\/\/milan-noir.fr\/#\/schema\/person\/image\/\",\"url\":\"https:\/\/secure.gravatar.com\/avatar\/1578edf9b6d60dd3f889cc4ba629e09e?s=96&d=mm&r=g\",\"contentUrl\":\"https:\/\/secure.gravatar.com\/avatar\/1578edf9b6d60dd3f889cc4ba629e09e?s=96&d=mm&r=g\",\"caption\":\"Alexandre\"},\"url\":\"https:\/\/milan-noir.fr\/en\/author\/alexandre\/\"}]}<\/script>\n<!-- \/ Yoast SEO plugin. -->","yoast_head_json":{"title":"Le Made in France et la Maroquinerie : un savoir-faire d'exception - Milan Noir Actualit\u00e9s","description":"Le palladium provient d\u2019un des plus grands ast\u00e9ro\u00efdes du syst\u00e8me solaire d\u00e9couvert en 1802 par l\u2019astronaute allemand Heinrich W.M Olbers...","robots":{"index":"index","follow":"follow","max-snippet":"max-snippet:-1","max-image-preview":"max-image-preview:large","max-video-preview":"max-video-preview:-1"},"canonical":"https:\/\/milan-noir.fr\/en\/le-made-in-france-et-la-maroquinerie-un-savoir-faire-dexception\/","og_locale":"en_GB","og_type":"article","og_title":"Le Made in France et la Maroquinerie : un savoir-faire d'exception - Milan Noir Actualit\u00e9s","og_description":"Le palladium provient d\u2019un des plus grands ast\u00e9ro\u00efdes du syst\u00e8me solaire d\u00e9couvert en 1802 par l\u2019astronaute allemand Heinrich W.M Olbers...","og_url":"https:\/\/milan-noir.fr\/en\/le-made-in-france-et-la-maroquinerie-un-savoir-faire-dexception\/","og_site_name":"Milan Noir","article_published_time":"2023-09-26T08:11:30+00:00","article_modified_time":"2023-09-26T08:24:23+00:00","og_image":[{"width":1920,"height":1358,"url":"https:\/\/milan-noir.fr\/wp-content\/uploads\/2023\/09\/Illustration-made-in-france.jpg","type":"image\/jpeg"}],"author":"Alexandre","twitter_card":"summary_large_image","twitter_misc":{"Written by":"Alexandre","Estimated reading time":"2 minutes"},"schema":{"@context":"https:\/\/schema.org","@graph":[{"@type":"Article","@id":"https:\/\/milan-noir.fr\/le-made-in-france-et-la-maroquinerie-un-savoir-faire-dexception\/#article","isPartOf":{"@id":"https:\/\/milan-noir.fr\/le-made-in-france-et-la-maroquinerie-un-savoir-faire-dexception\/"},"author":{"name":"Alexandre","@id":"https:\/\/milan-noir.fr\/#\/schema\/person\/a914b22c96769e459eca96a342731ed8"},"headline":"Le Made in France et la Maroquinerie : un savoir-faire d&#8217;exception","datePublished":"2023-09-26T08:11:30+00:00","dateModified":"2023-09-26T08:24:23+00:00","mainEntityOfPage":{"@id":"https:\/\/milan-noir.fr\/le-made-in-france-et-la-maroquinerie-un-savoir-faire-dexception\/"},"wordCount":401,"commentCount":0,"publisher":{"@id":"https:\/\/milan-noir.fr\/#organization"},"articleSection":["Non class\u00e9"],"inLanguage":"en-GB","potentialAction":[{"@type":"CommentAction","name":"Comment","target":["https:\/\/milan-noir.fr\/le-made-in-france-et-la-maroquinerie-un-savoir-faire-dexception\/#respond"]}]},{"@type":"WebPage","@id":"https:\/\/milan-noir.fr\/le-made-in-france-et-la-maroquinerie-un-savoir-faire-dexception\/","url":"https:\/\/milan-noir.fr\/le-made-in-france-et-la-maroquinerie-un-savoir-faire-dexception\/","name":"Le Made in France et la Maroquinerie : un savoir-faire d'exception - Milan Noir Actualit\u00e9s","isPartOf":{"@id":"https:\/\/milan-noir.fr\/#website"},"datePublished":"2023-09-26T08:11:30+00:00","dateModified":"2023-09-26T08:24:23+00:00","description":"Le palladium provient d\u2019un des plus grands ast\u00e9ro\u00efdes du syst\u00e8me solaire d\u00e9couvert en 1802 par l\u2019astronaute allemand Heinrich W.M Olbers...","breadcrumb":{"@id":"https:\/\/milan-noir.fr\/le-made-in-france-et-la-maroquinerie-un-savoir-faire-dexception\/#breadcrumb"},"inLanguage":"en-GB","potentialAction":[{"@type":"ReadAction","target":["https:\/\/milan-noir.fr\/le-made-in-france-et-la-maroquinerie-un-savoir-faire-dexception\/"]}]},{"@type":"BreadcrumbList","@id":"https:\/\/milan-noir.fr\/le-made-in-france-et-la-maroquinerie-un-savoir-faire-dexception\/#breadcrumb","itemListElement":[{"@type":"ListItem","position":1,"name":"Accueil","item":"https:\/\/milan-noir.fr\/"},{"@type":"ListItem","position":2,"name":"Le Made in France et la Maroquinerie : un savoir-faire d&#8217;exception"}]},{"@type":"WebSite","@id":"https:\/\/milan-noir.fr\/#website","url":"https:\/\/milan-noir.fr\/","name":"Milan Noir","description":"Maroquinerie \u00e9l\u00e9gante et 100% fran\u00e7aise","publisher":{"@id":"https:\/\/milan-noir.fr\/#organization"},"potentialAction":[{"@type":"SearchAction","target":{"@type":"EntryPoint","urlTemplate":"https:\/\/milan-noir.fr\/?s={search_term_string}"},"query-input":"required name=search_term_string"}],"inLanguage":"en-GB"},{"@type":"Organization","@id":"https:\/\/milan-noir.fr\/#organization","name":"Milan Noir","url":"https:\/\/milan-noir.fr\/","logo":{"@type":"ImageObject","inLanguage":"en-GB","@id":"https:\/\/milan-noir.fr\/#\/schema\/logo\/image\/","url":"https:\/\/milan-noir.com\/wp-content\/uploads\/2021\/10\/Nouveau-logo_MILAN-NOIR_bleu.png.png","contentUrl":"https:\/\/milan-noir.com\/wp-content\/uploads\/2021\/10\/Nouveau-logo_MILAN-NOIR_bleu.png.png","width":1181,"height":1181,"caption":"Milan Noir"},"image":{"@id":"https:\/\/milan-noir.fr\/#\/schema\/logo\/image\/"}},{"@type":"Person","@id":"https:\/\/milan-noir.fr\/#\/schema\/person\/a914b22c96769e459eca96a342731ed8","name":"Alexandre","image":{"@type":"ImageObject","inLanguage":"en-GB","@id":"https:\/\/milan-noir.fr\/#\/schema\/person\/image\/","url":"https:\/\/secure.gravatar.com\/avatar\/1578edf9b6d60dd3f889cc4ba629e09e?s=96&d=mm&r=g","contentUrl":"https:\/\/secure.gravatar.com\/avatar\/1578edf9b6d60dd3f889cc4ba629e09e?s=96&d=mm&r=g","caption":"Alexandre"},"url":"https:\/\/milan-noir.fr\/en\/author\/alexandre\/"}]}},"post_mailing_queue_ids":[],"_links":{"self":[{"href":"https:\/\/milan-noir.fr\/en\/wp-json\/wp\/v2\/posts\/18954"}],"collection":[{"href":"https:\/\/milan-noir.fr\/en\/wp-json\/wp\/v2\/posts"}],"about":[{"href":"https:\/\/milan-noir.fr\/en\/wp-json\/wp\/v2\/types\/post"}],"author":[{"embeddable":true,"href":"https:\/\/milan-noir.fr\/en\/wp-json\/wp\/v2\/users\/1"}],"replies":[{"embeddable":true,"href":"https:\/\/milan-noir.fr\/en\/wp-json\/wp\/v2\/comments?post=18954"}],"version-history":[{"count":9,"href":"https:\/\/milan-noir.fr\/en\/wp-json\/wp\/v2\/posts\/18954\/revisions"}],"predecessor-version":[{"id":18964,"href":"https:\/\/milan-noir.fr\/en\/wp-json\/wp\/v2\/posts\/18954\/revisions\/18964"}],"wp:featuredmedia":[{"embeddable":true,"href":"https:\/\/milan-noir.fr\/en\/wp-json\/wp\/v2\/media\/18955"}],"wp:attachment":[{"href":"https:\/\/milan-noir.fr\/en\/wp-json\/wp\/v2\/media?parent=18954"}],"wp:term":[{"taxonomy":"category","embeddable":true,"href":"https:\/\/milan-noir.fr\/en\/wp-json\/wp\/v2\/categories?post=18954"},{"taxonomy":"post_tag","embeddable":true,"href":"https:\/\/milan-noir.fr\/en\/wp-json\/wp\/v2\/tags?post=18954"}],"curies":[{"name":"wp","href":"https:\/\/api.w.org\/{rel}","templated":true}]}}